{"id":2867,"date":"2023-07-23T11:53:37","date_gmt":"2023-07-23T09:53:37","guid":{"rendered":"https:\/\/lesegenuss.de\/?p=2867"},"modified":"2023-07-23T11:54:28","modified_gmt":"2023-07-23T09:54:28","slug":"duester-grab","status":"publish","type":"post","link":"https:\/\/lesegenuss.de\/?p=2867","title":{"rendered":"D\u00fcster Grab"},"content":{"rendered":"\n[et_pb_section fb_built=&#8220;1&#8243; _builder_version=&#8220;4.16&#8243; global_colors_info=&#8220;{}&#8220; theme_builder_area=&#8220;post_content&#8220;][et_pb_row column_structure=&#8220;3_5,2_5&#8243; _builder_version=&#8220;4.16&#8243; background_size=&#8220;initial&#8220; background_position=&#8220;top_left&#8220; background_repeat=&#8220;repeat&#8220; global_colors_info=&#8220;{}&#8220; theme_builder_area=&#8220;post_content&#8220;][et_pb_column type=&#8220;3_5&#8243; _builder_version=&#8220;4.16&#8243; custom_padding=&#8220;|||&#8220; global_colors_info=&#8220;{}&#8220; custom_padding__hover=&#8220;|||&#8220; theme_builder_area=&#8220;post_content&#8220;][et_pb_text _builder_version=&#8220;4.21.0&#8243; background_size=&#8220;initial&#8220; background_position=&#8220;top_left&#8220; background_repeat=&#8220;repeat&#8220; hover_enabled=&#8220;0&#8243; global_colors_info=&#8220;{}&#8220; theme_builder_area=&#8220;post_content&#8220; sticky_enabled=&#8220;0&#8243;]<p><span>Dunkle Regenwolken treiben \u00fcber dem kleinen Friedhof in der Marsch, als Kommissarin Frida Paulsen der Beerdigung eines ehemaligen Schulfreundes beiwohnt. Am n\u00e4chsten Tag steht sie erneut vor seinem Grab \u2013 Spuren deuten darauf hin, dass es in der vergangenen Nacht gesch\u00e4ndet wurde. Entsetzt blickt sie nun in das Innere des Sarges: Auf dem Leichnam des Verstorbenen liegt eine weitere Leiche, die eines M\u00e4dchens, bekleidet mit einem Kopftuch und einem altert\u00fcmlichen Kleid. Handelt es sich bei der Toten um eine der Zwillingsschwestern, die vor Jahren verschwanden? Ihre Ermittlungen f\u00fchren Frida und ihren Kollegen Bjarne Haverkorn schon bald zu einem Ehepaar, das nach archaischen Regeln auf einem abgelegenen Geh\u00f6ft lebt. Und dunkle Geheimnisse zu verbergen scheint \u2026<\/span><\/p>\n<p>Infos \u00fcber die Autorin:<br \/><span>ROMY F\u00d6LCK wurde 1974 in Mei\u00dfen geboren. Sie studierte Jura, ging in die Wirtschaft und arbeitete zehn Jahre f\u00fcr ein gro\u00dfes Unternehmen in Leipzig. Mit Mitte drei\u00dfig entschied sie, ihren gro\u00dfen Traum vom Schreiben zu leben. Sie k\u00fcndigte Job und Wohnung und zog in den Norden. Mit ihrem Mann lebt sie heute in einem Haus in der Elbmarsch bei Hamburg, wo ihre Romane entstehen. Ihre Affinit\u00e4t zum Norden kommt nicht von ungef\u00e4hr, verbrachte doch ihr Vater seine ersten Lebensjahre in Ostfriesland.<\/span><\/p>[\/et_pb_text][et_pb_testimonial author=&#8220;Manu Mayer&#8220; company_name=&#8220;TRP1&#8243; portrait_url=&#8220;data:image\/svg+xml;base64,PHN2ZyB3aWR0aD0iNTAwIiBoZWlnaHQ9IjUwMCIgdmlld0JveD0iMCAwIDUwMCA1MDAiIHhtbG5zPSJodHRwOi8vd3d3LnczLm9yZy8yMDAwL3N2ZyI+CiAgICA8ZyBmaWxsPSJub25lIiBmaWxsLXJ1bGU9ImV2ZW5vZGQiPgogICAgICAgIDxwYXRoIGZpbGw9IiNFQkVCRUIiIGQ9Ik0wIDBoNTAwdjUwMEgweiIvPgogICAgICAgIDxyZWN0IGZpbGwtb3BhY2l0eT0iLjEiIGZpbGw9IiMwMDAiIHg9IjY4IiB5PSIzMDUiIHdpZHRoPSIzNjQiIGhlaWdodD0iNTY4IiByeD0iMTgyIi8+CiAgICAgICAgPGNpcmNsZSBmaWxsLW9wYWNpdHk9Ii4xIiBmaWxsPSIjMDAwIiBjeD0iMjQ5IiBjeT0iMTcyIiByPSIxMDAiLz4KICAgIDwvZz4KPC9zdmc+Cg==&#8220; _builder_version=&#8220;4.21.0&#8243; hover_enabled=&#8220;0&#8243; global_colors_info=&#8220;{}&#8220; theme_builder_area=&#8220;post_content&#8220; sticky_enabled=&#8220;0&#8243;]<h3 class=\"h5\">Band 6 &#8211; wie immer spannend<\/h3>[\/et_pb_testimonial][et_pb_button button_url=&#8220;https:\/\/www.luebbe.de\/luebbe-belletristik\/buecher\/krimis\/duestergrab\/id_7712920&#8243; url_new_window=&#8220;on&#8220; button_text=&#8220;Infos vom Verlag&#8220; _builder_version=&#8220;4.21.0&#8243; hover_enabled=&#8220;0&#8243; global_colors_info=&#8220;{}&#8220; theme_builder_area=&#8220;post_content&#8220; sticky_enabled=&#8220;0&#8243;][\/et_pb_button][\/et_pb_column][et_pb_column type=&#8220;2_5&#8243; _builder_version=&#8220;4.16&#8243; custom_padding=&#8220;|||&#8220; global_colors_info=&#8220;{}&#8220; custom_padding__hover=&#8220;|||&#8220; theme_builder_area=&#8220;post_content&#8220;][et_pb_image src=&#8220;https:\/\/lesegenuss.de\/wp-content\/uploads\/2023\/07\/978-3-7857-2834-5-Foelck-Duestergrab-org-scaled.jpg&#8220; title_text=&#8220;978-3-7857-2834-5-Foelck-Duestergrab-org&#8220; _builder_version=&#8220;4.21.0&#8243; hover_enabled=&#8220;0&#8243; global_colors_info=&#8220;{}&#8220; theme_builder_area=&#8220;post_content&#8220; sticky_enabled=&#8220;0&#8243;][\/et_pb_image][\/et_pb_column][\/et_pb_row][\/et_pb_section]\n","protected":false},"excerpt":{"rendered":"<p>Dunkle Regenwolken treiben \u00fcber dem kleinen Friedhof in der Marsch, als Kommissarin Frida Paulsen der Beerdigung eines ehemaligen Schulfreundes beiwohnt. Am n\u00e4chsten Tag steht sie erneut vor seinem Grab \u2013 Spuren deuten darauf hin, dass es in der vergangenen Nacht gesch\u00e4ndet wurde. Entsetzt blickt sie nun in das Innere des Sarges: Auf dem Leichnam des [&hellip;]<\/p>\n","protected":false},"author":3,"featured_media":2857,"comment_status":"open","ping_status":"closed","sticky":false,"template":"","format":"standard","meta":{"_et_pb_use_builder":"on","_et_pb_old_content":"","_et_gb_content_width":"","footnotes":""},"categories":[22,4,6],"tags":[],"class_list":["post-2867","post","type-post","status-publish","format-standard","has-post-thumbnail","hentry","category-deutschland","category-krimi","category-luebbe"],"_links":{"self":[{"href":"https:\/\/lesegenuss.de\/index.php?rest_route=\/wp\/v2\/posts\/2867","targetHints":{"allow":["GET"]}}],"collection":[{"href":"https:\/\/lesegenuss.de\/index.php?rest_route=\/wp\/v2\/posts"}],"about":[{"href":"https:\/\/lesegenuss.de\/index.php?rest_route=\/wp\/v2\/types\/post"}],"author":[{"embeddable":true,"href":"https:\/\/lesegenuss.de\/index.php?rest_route=\/wp\/v2\/users\/3"}],"replies":[{"embeddable":true,"href":"https:\/\/lesegenuss.de\/index.php?rest_route=%2Fwp%2Fv2%2Fcomments&post=2867"}],"version-history":[{"count":3,"href":"https:\/\/lesegenuss.de\/index.php?rest_route=\/wp\/v2\/posts\/2867\/revisions"}],"predecessor-version":[{"id":2871,"href":"https:\/\/lesegenuss.de\/index.php?rest_route=\/wp\/v2\/posts\/2867\/revisions\/2871"}],"wp:featuredmedia":[{"embeddable":true,"href":"https:\/\/lesegenuss.de\/index.php?rest_route=\/wp\/v2\/media\/2857"}],"wp:attachment":[{"href":"https:\/\/lesegenuss.de\/index.php?rest_route=%2Fwp%2Fv2%2Fmedia&parent=2867"}],"wp:term":[{"taxonomy":"category","embeddable":true,"href":"https:\/\/lesegenuss.de\/index.php?rest_route=%2Fwp%2Fv2%2Fcategories&post=2867"},{"taxonomy":"post_tag","embeddable":true,"href":"https:\/\/lesegenuss.de\/index.php?rest_route=%2Fwp%2Fv2%2Ftags&post=2867"}],"curies":[{"name":"wp","href":"https:\/\/api.w.org\/{rel}","templated":true}]}}