{"id":2430,"date":"2022-11-29T15:18:51","date_gmt":"2022-11-29T14:18:51","guid":{"rendered":"https:\/\/lesegenuss.de\/?p=2430"},"modified":"2022-11-29T15:19:34","modified_gmt":"2022-11-29T14:19:34","slug":"dallmayr-der-glanz-einer-neuen-aera","status":"publish","type":"post","link":"https:\/\/lesegenuss.de\/?p=2430","title":{"rendered":"Dallmayr &#8211; Der Glanz einer neuen \u00c4ra"},"content":{"rendered":"\n[et_pb_section fb_built=&#8220;1&#8243; _builder_version=&#8220;3.22&#8243; global_colors_info=&#8220;{}&#8220; theme_builder_area=&#8220;post_content&#8220;][et_pb_row column_structure=&#8220;3_5,2_5&#8243; _builder_version=&#8220;3.25&#8243; background_size=&#8220;initial&#8220; background_position=&#8220;top_left&#8220; background_repeat=&#8220;repeat&#8220; global_colors_info=&#8220;{}&#8220; theme_builder_area=&#8220;post_content&#8220;][et_pb_column type=&#8220;3_5&#8243; _builder_version=&#8220;3.25&#8243; custom_padding=&#8220;|||&#8220; global_colors_info=&#8220;{}&#8220; custom_padding__hover=&#8220;|||&#8220; theme_builder_area=&#8220;post_content&#8220;][et_pb_text _builder_version=&#8220;4.14.9&#8243; background_size=&#8220;initial&#8220; background_position=&#8220;top_left&#8220; background_repeat=&#8220;repeat&#8220; hover_enabled=&#8220;0&#8243; global_colors_info=&#8220;{}&#8220; theme_builder_area=&#8220;post_content&#8220; sticky_enabled=&#8220;0&#8243;]<div class=\"Fliesstext\">\n<div class=\"Fliesstext\">\n<h3 class=\"font-weight-bold h6\">Zum Schwelgen und Genie\u00dfen: Die erfolgreiche Saga um den legend\u00e4ren Aufstieg des Feinkostladens Dallmayr geht weiter!<\/h3>\n<div class=\"column-count-md-2\">\n<p>M\u00fcnchen 1905. Mit ihrem Gesp\u00fcr f\u00fcr Delikatessen hat Therese Randlkofer K\u00f6stlichkeiten aus aller Welt nach Deutschland gebracht. Handverlesene Fr\u00fcchte von den Kanaren, feinster Bl\u00e4tterkrokant aus der Schweiz und goldgelber franz\u00f6sischer Lavendelhonig zieren die Auslage des Dallmayr. Doch ihr missg\u00fcnstiger Schwager und gr\u00f6\u00dfter Kontrahent Max versteht sich darin, Zwietracht in der Familie zu s\u00e4en \u2013 besonders bei ihren eigenen erwachsenen Kindern. Dabei br\u00e4uchte Therese deren Hilfe dringender denn je. Denn um das Unternehmen in die Zukunft zu f\u00fchren, hat sie einen folgenschweren Entschluss gefasst. Einen Entschluss, der sie alles kosten k\u00f6nnte \u2026<\/p>\n<\/div>\n<\/div>\n<\/div>\n<div class=\"Fliesstext\"><span class=\"Standardtext\">Infos \u00fcber die Autorin:<\/span><\/div>\n<div class=\"Fliesstext\"><span>Lisa Graf ist in Passau geboren. Nach Stationen in M\u00fcnchen und S\u00fcdspanien schl\u00e4gt sie gerade Wurzeln im Berchtesgadener Land. Als Hobbyb\u00e4ckerin hat sie eine Schw\u00e4che f\u00fcr Tr\u00fcffelpralinen und liebt Zitronensorbet mit Champagner. Mit ihrem grandiosen Familiensaga-Auftakt \u00bbDallmayr. Der Traum vom sch\u00f6nen Leben\u00ab eroberte sie sowohl die Herzen ihrer Leserinnen als auch die Bestsellerliste. Auch mit dem zweiten Band der Reihe entf\u00fchrt sie ihre Leserinnen ins M\u00fcnchen der Jahrhundertwende und verzaubert mit einer wunderbaren Familiengeschichte rund um den Feinkostladen Dallmayr.<\/span><\/div>[\/et_pb_text][et_pb_testimonial author=&#8220;Manu Mayer&#8220; company_name=&#8220;TRP1&#8243; portrait_url=&#8220;data:image\/svg+xml;base64,PHN2ZyB3aWR0aD0iNTAwIiBoZWlnaHQ9IjUwMCIgdmlld0JveD0iMCAwIDUwMCA1MDAiIHhtbG5zPSJodHRwOi8vd3d3LnczLm9yZy8yMDAwL3N2ZyI+CiAgICA8ZyBmaWxsPSJub25lIiBmaWxsLXJ1bGU9ImV2ZW5vZGQiPgogICAgICAgIDxwYXRoIGZpbGw9IiNFQkVCRUIiIGQ9Ik0wIDBoNTAwdjUwMEgweiIvPgogICAgICAgIDxyZWN0IGZpbGwtb3BhY2l0eT0iLjEiIGZpbGw9IiMwMDAiIHg9IjY4IiB5PSIzMDUiIHdpZHRoPSIzNjQiIGhlaWdodD0iNTY4IiByeD0iMTgyIi8+CiAgICAgICAgPGNpcmNsZSBmaWxsLW9wYWNpdHk9Ii4xIiBmaWxsPSIjMDAwIiBjeD0iMjQ5IiBjeT0iMTcyIiByPSIxMDAiLz4KICAgIDwvZz4KPC9zdmc+Cg==&#8220; _builder_version=&#8220;4.14.9&#8243; hover_enabled=&#8220;0&#8243; global_colors_info=&#8220;{}&#8220; theme_builder_area=&#8220;post_content&#8220; sticky_enabled=&#8220;0&#8243;][\/et_pb_testimonial][et_pb_button button_url=&#8220;https:\/\/www.penguinrandomhouse.de\/Paperback\/Dallmayr-Der-Glanz-einer-neuen-Aera\/Lisa-Graf\/Penguin\/e597155.rhd&#8220; url_new_window=&#8220;on&#8220; button_text=&#8220;Infos vom Verlag&#8220; _builder_version=&#8220;4.14.9&#8243; hover_enabled=&#8220;0&#8243; global_colors_info=&#8220;{}&#8220; theme_builder_area=&#8220;post_content&#8220; sticky_enabled=&#8220;0&#8243;][\/et_pb_button][\/et_pb_column][et_pb_column type=&#8220;2_5&#8243; _builder_version=&#8220;3.25&#8243; custom_padding=&#8220;|||&#8220; global_colors_info=&#8220;{}&#8220; custom_padding__hover=&#8220;|||&#8220; theme_builder_area=&#8220;post_content&#8220;][et_pb_image src=&#8220;https:\/\/lesegenuss.de\/wp-content\/uploads\/2022\/11\/Graf_LDallmayr_Dallmayr-Saga_2_226275.jpeg&#8220; _builder_version=&#8220;4.14.9&#8243; hover_enabled=&#8220;0&#8243; global_colors_info=&#8220;{}&#8220; theme_builder_area=&#8220;post_content&#8220; title_text=&#8220;Dallmayr Der Glanz einer neuen Aera von Lisa Graf&#8220; sticky_enabled=&#8220;0&#8243;][\/et_pb_image][\/et_pb_column][\/et_pb_row][\/et_pb_section]\n","protected":false},"excerpt":{"rendered":"<p>Zum Schwelgen und Genie\u00dfen: Die erfolgreiche Saga um den legend\u00e4ren Aufstieg des Feinkostladens Dallmayr geht weiter! M\u00fcnchen 1905. Mit ihrem Gesp\u00fcr f\u00fcr Delikatessen hat Therese Randlkofer K\u00f6stlichkeiten aus aller Welt nach Deutschland gebracht. Handverlesene Fr\u00fcchte von den Kanaren, feinster Bl\u00e4tterkrokant aus der Schweiz und goldgelber franz\u00f6sischer Lavendelhonig zieren die Auslage des Dallmayr. Doch ihr missg\u00fcnstiger [&hellip;]<\/p>\n","protected":false},"author":3,"featured_media":2429,"comment_status":"open","ping_status":"closed","sticky":false,"template":"","format":"standard","meta":{"_et_pb_use_builder":"on","_et_pb_old_content":"","_et_gb_content_width":"","footnotes":""},"categories":[22,44,18],"tags":[],"class_list":["post-2430","post","type-post","status-publish","format-standard","has-post-thumbnail","hentry","category-deutschland","category-penguin","category-roman"],"_links":{"self":[{"href":"https:\/\/lesegenuss.de\/index.php?rest_route=\/wp\/v2\/posts\/2430","targetHints":{"allow":["GET"]}}],"collection":[{"href":"https:\/\/lesegenuss.de\/index.php?rest_route=\/wp\/v2\/posts"}],"about":[{"href":"https:\/\/lesegenuss.de\/index.php?rest_route=\/wp\/v2\/types\/post"}],"author":[{"embeddable":true,"href":"https:\/\/lesegenuss.de\/index.php?rest_route=\/wp\/v2\/users\/3"}],"replies":[{"embeddable":true,"href":"https:\/\/lesegenuss.de\/index.php?rest_route=%2Fwp%2Fv2%2Fcomments&post=2430"}],"version-history":[{"count":3,"href":"https:\/\/lesegenuss.de\/index.php?rest_route=\/wp\/v2\/posts\/2430\/revisions"}],"predecessor-version":[{"id":2435,"href":"https:\/\/lesegenuss.de\/index.php?rest_route=\/wp\/v2\/posts\/2430\/revisions\/2435"}],"wp:featuredmedia":[{"embeddable":true,"href":"https:\/\/lesegenuss.de\/index.php?rest_route=\/wp\/v2\/media\/2429"}],"wp:attachment":[{"href":"https:\/\/lesegenuss.de\/index.php?rest_route=%2Fwp%2Fv2%2Fmedia&parent=2430"}],"wp:term":[{"taxonomy":"category","embeddable":true,"href":"https:\/\/lesegenuss.de\/index.php?rest_route=%2Fwp%2Fv2%2Fcategories&post=2430"},{"taxonomy":"post_tag","embeddable":true,"href":"https:\/\/lesegenuss.de\/index.php?rest_route=%2Fwp%2Fv2%2Ftags&post=2430"}],"curies":[{"name":"wp","href":"https:\/\/api.w.org\/{rel}","templated":true}]}}