{"id":1801,"date":"2022-01-16T10:57:38","date_gmt":"2022-01-16T09:57:38","guid":{"rendered":"https:\/\/lesegenuss.de\/?p=1801"},"modified":"2022-01-16T10:58:11","modified_gmt":"2022-01-16T09:58:11","slug":"der-schwarze-steg","status":"publish","type":"post","link":"https:\/\/lesegenuss.de\/?p=1801","title":{"rendered":"Der schwarze Steg"},"content":{"rendered":"\n[et_pb_section fb_built=&#8220;1&#8243; _builder_version=&#8220;3.22&#8243;][et_pb_row column_structure=&#8220;3_5,2_5&#8243; _builder_version=&#8220;3.25&#8243; background_size=&#8220;initial&#8220; background_position=&#8220;top_left&#8220; background_repeat=&#8220;repeat&#8220;][et_pb_column type=&#8220;3_5&#8243; _builder_version=&#8220;3.25&#8243; custom_padding=&#8220;|||&#8220; custom_padding__hover=&#8220;|||&#8220;][et_pb_text _builder_version=&#8220;4.9.0&#8243; background_size=&#8220;initial&#8220; background_position=&#8220;top_left&#8220; background_repeat=&#8220;repeat&#8220; hover_enabled=&#8220;0&#8243; sticky_enabled=&#8220;0&#8243;]<div class=\"Fliesstext\">\n<div class=\"Fliesstext\">\n<p>Anw\u00e4ltin Rebecka Martinsson fasst nach ihrem letzten Fall nur schwer wieder Fu\u00df. Sie entschlie\u00dft sich, Stockholm zu verlassen und nach Kiruna zu ziehen, in das alte Haus ihrer Gro\u00dfmutter. Doch die Stille ihres neuen Lebens wird j\u00e4h unterbrochen, als eine Frau ermordet aufgefunden wird. Die Identit\u00e4t der Toten ist schnell gekl\u00e4rt: Sie war leitende Angestellte einer Grubengesellschaft. Bei ihren Ermittlungen st\u00f6\u00dft Rebecka auf die dubiosen Machenschaften des schillernden Industriemagnaten Mauri Kalli. Ein Mann, der offensichtlich bereit ist, \u00fcber Leichen zu gehen.<\/p>\n<\/div>\n<\/div>\n<div class=\"Fliesstext\"><span class=\"Standardtext\">Infos \u00fcber die Autorin:<\/span><\/div>\n<div class=\"Fliesstext\"><span>\u00c5sa Larsson, 1966 geboren, verbrachte ihre Kindheit und Jugend in Kiruna. Sie arbeitete als Steueranw\u00e4ltin, bis sie beschloss, Autorin zu werden. Mit ihrem ersten Rebecka-Martinsson-Krimi \u00bbSonnensturm\u00ab machte sie in Schweden sofort Furore (ausgezeichnet als bestes Krimi-Deb\u00fct). Inzwischen gibt es bereits f\u00fcnf B\u00fccher mit den beiden sympathischen Ermittlerinnen Rebecka Martinsson und Anna-Maria Mella. \u00c5sa Larsson lebt in S\u00fcdschweden, in der N\u00e4he von Gripsholm.<\/span><\/div>[\/et_pb_text][et_pb_testimonial author=&#8220;Manu Mayer&#8220; company_name=&#8220;TRP1&#8243; portrait_url=&#8220;data:image\/svg+xml;base64,PHN2ZyB3aWR0aD0iNTAwIiBoZWlnaHQ9IjUwMCIgdmlld0JveD0iMCAwIDUwMCA1MDAiIHhtbG5zPSJodHRwOi8vd3d3LnczLm9yZy8yMDAwL3N2ZyI+CiAgICA8ZyBmaWxsPSJub25lIiBmaWxsLXJ1bGU9ImV2ZW5vZGQiPgogICAgICAgIDxwYXRoIGZpbGw9IiNFQkVCRUIiIGQ9Ik0wIDBoNTAwdjUwMEgweiIvPgogICAgICAgIDxyZWN0IGZpbGwtb3BhY2l0eT0iLjEiIGZpbGw9IiMwMDAiIHg9IjY4IiB5PSIzMDUiIHdpZHRoPSIzNjQiIGhlaWdodD0iNTY4IiByeD0iMTgyIi8+CiAgICAgICAgPGNpcmNsZSBmaWxsLW9wYWNpdHk9Ii4xIiBmaWxsPSIjMDAwIiBjeD0iMjQ5IiBjeT0iMTcyIiByPSIxMDAiLz4KICAgIDwvZz4KPC9zdmc+Cg==&#8220; _builder_version=&#8220;4.9.0&#8243; hover_enabled=&#8220;0&#8243; sticky_enabled=&#8220;0&#8243;]<p>\u00c5sa Larsson ist Skandinaviens neuer Krimikomet.\u201c<\/p>\n<div class=\"cite\" title=\"\">ELLE<\/div>[\/et_pb_testimonial][et_pb_button button_url=&#8220;https:\/\/www.penguinrandomhouse.de\/Taschenbuch\/Der-schwarze-Steg\/Asa-Larsson\/btb\/e275207.rhd&#8220; url_new_window=&#8220;on&#8220; button_text=&#8220;Infos vom Verlag&#8220; _builder_version=&#8220;4.9.0&#8243; hover_enabled=&#8220;0&#8243; sticky_enabled=&#8220;0&#8243;][\/et_pb_button][\/et_pb_column][et_pb_column type=&#8220;2_5&#8243; _builder_version=&#8220;3.25&#8243; custom_padding=&#8220;|||&#8220; custom_padding__hover=&#8220;|||&#8220;][et_pb_image src=&#8220;https:\/\/lesegenuss.de\/wp-content\/uploads\/2022\/01\/Larsson_ADer_schwarze_Steg_160341.jpeg&#8220; _builder_version=&#8220;4.9.0&#8243; hover_enabled=&#8220;0&#8243; title_text=&#8220;Der schwarze Steg von Asa Larsson&#8220; sticky_enabled=&#8220;0&#8243;][\/et_pb_image][\/et_pb_column][\/et_pb_row][\/et_pb_section]\n","protected":false},"excerpt":{"rendered":"<p>Anw\u00e4ltin Rebecka Martinsson fasst nach ihrem letzten Fall nur schwer wieder Fu\u00df. Sie entschlie\u00dft sich, Stockholm zu verlassen und nach Kiruna zu ziehen, in das alte Haus ihrer Gro\u00dfmutter. Doch die Stille ihres neuen Lebens wird j\u00e4h unterbrochen, als eine Frau ermordet aufgefunden wird. Die Identit\u00e4t der Toten ist schnell gekl\u00e4rt: Sie war leitende Angestellte [&hellip;]<\/p>\n","protected":false},"author":3,"featured_media":1782,"comment_status":"open","ping_status":"closed","sticky":false,"template":"","format":"standard","meta":{"_et_pb_use_builder":"on","_et_pb_old_content":"","_et_gb_content_width":"","footnotes":""},"categories":[38,4,21],"tags":[],"class_list":["post-1801","post","type-post","status-publish","format-standard","has-post-thumbnail","hentry","category-btb","category-krimi","category-schweden"],"_links":{"self":[{"href":"https:\/\/lesegenuss.de\/index.php?rest_route=\/wp\/v2\/posts\/1801","targetHints":{"allow":["GET"]}}],"collection":[{"href":"https:\/\/lesegenuss.de\/index.php?rest_route=\/wp\/v2\/posts"}],"about":[{"href":"https:\/\/lesegenuss.de\/index.php?rest_route=\/wp\/v2\/types\/post"}],"author":[{"embeddable":true,"href":"https:\/\/lesegenuss.de\/index.php?rest_route=\/wp\/v2\/users\/3"}],"replies":[{"embeddable":true,"href":"https:\/\/lesegenuss.de\/index.php?rest_route=%2Fwp%2Fv2%2Fcomments&post=1801"}],"version-history":[{"count":3,"href":"https:\/\/lesegenuss.de\/index.php?rest_route=\/wp\/v2\/posts\/1801\/revisions"}],"predecessor-version":[{"id":1805,"href":"https:\/\/lesegenuss.de\/index.php?rest_route=\/wp\/v2\/posts\/1801\/revisions\/1805"}],"wp:featuredmedia":[{"embeddable":true,"href":"https:\/\/lesegenuss.de\/index.php?rest_route=\/wp\/v2\/media\/1782"}],"wp:attachment":[{"href":"https:\/\/lesegenuss.de\/index.php?rest_route=%2Fwp%2Fv2%2Fmedia&parent=1801"}],"wp:term":[{"taxonomy":"category","embeddable":true,"href":"https:\/\/lesegenuss.de\/index.php?rest_route=%2Fwp%2Fv2%2Fcategories&post=1801"},{"taxonomy":"post_tag","embeddable":true,"href":"https:\/\/lesegenuss.de\/index.php?rest_route=%2Fwp%2Fv2%2Ftags&post=1801"}],"curies":[{"name":"wp","href":"https:\/\/api.w.org\/{rel}","templated":true}]}}